{"id":4376,"date":"2021-06-30T16:18:19","date_gmt":"2021-06-30T14:18:19","guid":{"rendered":"http:\/\/unsere-natur.art\/?p=4376"},"modified":"2021-06-30T16:18:21","modified_gmt":"2021-06-30T14:18:21","slug":"der-tod-ist-ein-meister-aus-ulm","status":"publish","type":"post","link":"https:\/\/unsere-natur.art\/en\/der-tod-ist-ein-meister-aus-ulm\/","title":{"rendered":":Der Tod ist ein Meister aus Ulm:"},"content":{"rendered":"\n<p class=\"has-text-align-center\"><strong>&#8220;Einreichung zur Ulmer Friedenswoche vom 01.-30.September 2021: <\/strong><\/p>\n\n\n\n<p class=\"has-text-align-center\"><strong>&#8220;Der Tod ist ein Meister aus Ulm&#8221;<\/strong><\/p>\n\n\n\n<p>Ulm ist eine R\u00fcstungs- und Milit\u00e4rstadt. Todbringende Waffen und ihr Zubeh\u00f6r werden produziert, f\u00fcr den Export vorbereitet oder der Armee zugef\u00fchrt. Logistische Planungen der Bundeswehr und der NATO finden hier statt, viele Institutionen werden von der Bundeswehr betrieben oder arbeiten ihr zu.<br>Siehe hierzu: <a href=\"http:\/\/www.friedensbewegt-ulm.de\/ruestungsatlas.pdf\" target=\"_blank\" rel=\"noreferrer noopener\">R\u00fcstungsatlas f\u00fcr die Region Ulm<\/a><br><\/p>\n\n\n\n<p>Die <a rel=\"noreferrer noopener\" href=\"https:\/\/www.bmvg.de\/de\/aktuelles\/agenda-ruestung-trendwende-material-wirkt-40928\" target=\"_blank\">\u201eAgenda R\u00fcstung\u201c<\/a> des zust\u00e4ndigen Bundesministeriums pr\u00e4sentiert stolz diese Hochtechnologie und die immens steigenden Ausgaben daf\u00fcr, deren Gesamtsumme durch sogenannte Schattenhaushalte noch deutlich h\u00f6her liegt.<\/p>\n\n\n\n<p>Die <a rel=\"noreferrer noopener\" href=\"http:\/\/kunstpool-ulm.com\" target=\"_blank\">KUNSTPOOL-Galerie<\/a> beteiligt sich mit einer Ausstellung, unter dem Motto: &#8220;Der Tod ist ein Meister aus Ulm&#8221;, am Programm der Ulmer Friedenswochen, die vom 1.9. \u2013 30.9.2021 stattfinden.<\/p>\n\n\n\n<p>Da sich mein Wohnort unmittelbar auf dem Weg befindet, den die Rote Armee einst nahm um den Hitler &#8211; Faschismus in Berlin zu zerschlagen und auch heute knapp 80 Jahre sp\u00e4ter noch immer die Wunden der Kriegs- &amp; Nachkriegszeit bluten, wollte ich schon immer ein Anti-Kriegsbild malen und diese Ausschreibung war der daf\u00fcr ben\u00f6tigte Ausl\u00f6seimpuls.<\/p>\n\n\n\n<p>Mahatma Gandi sagte einst: &#8220;Wenn wir wahren Frieden in der Welt erlangen wollen, m\u00fcssen wir bei den Kindern anfangen.&#8221;<\/p>\n\n\n\n<div class=\"wp-block-image\"><figure class=\"aligncenter size-large is-resized\"><img loading=\"lazy\" decoding=\"async\" src=\"http:\/\/unsere-natur.art\/wp-content\/uploads\/2021\/06\/IMG_4485-673x1024.jpg\" alt=\"\" class=\"wp-image-4359\" width=\"337\" height=\"512\" srcset=\"https:\/\/unsere-natur.art\/wp-content\/uploads\/2021\/06\/IMG_4485-673x1024.jpg 673w, https:\/\/unsere-natur.art\/wp-content\/uploads\/2021\/06\/IMG_4485-197x300.jpg 197w, https:\/\/unsere-natur.art\/wp-content\/uploads\/2021\/06\/IMG_4485-768x1168.jpg 768w, https:\/\/unsere-natur.art\/wp-content\/uploads\/2021\/06\/IMG_4485-1010x1536.jpg 1010w, https:\/\/unsere-natur.art\/wp-content\/uploads\/2021\/06\/IMG_4485-1347x2048.jpg 1347w, https:\/\/unsere-natur.art\/wp-content\/uploads\/2021\/06\/IMG_4485-scaled.jpg 1684w\" sizes=\"auto, (max-width: 337px) 100vw, 337px\" \/><figcaption>&#8220;Der Tod ist ein Meister aus Ulm: Fallsch\u00f6pfung&#8221; &#8211; Acrylcollage \/ Mischtechnik auf Baumwolle &#8211; 80\/120cm &#8211; 2021<\/figcaption><\/figure><\/div>\n\n\n\n<div class=\"wp-block-image is-style-default\"><figure class=\"aligncenter size-large is-resized\"><img loading=\"lazy\" decoding=\"async\" src=\"http:\/\/unsere-natur.art\/wp-content\/uploads\/2021\/06\/IMG_2968-683x1024.jpg\" alt=\"\" class=\"wp-image-4385\" width=\"342\" height=\"512\" srcset=\"https:\/\/unsere-natur.art\/wp-content\/uploads\/2021\/06\/IMG_2968-683x1024.jpg 683w, https:\/\/unsere-natur.art\/wp-content\/uploads\/2021\/06\/IMG_2968-200x300.jpg 200w, https:\/\/unsere-natur.art\/wp-content\/uploads\/2021\/06\/IMG_2968-768x1152.jpg 768w, https:\/\/unsere-natur.art\/wp-content\/uploads\/2021\/06\/IMG_2968-1024x1536.jpg 1024w, https:\/\/unsere-natur.art\/wp-content\/uploads\/2021\/06\/IMG_2968-1365x2048.jpg 1365w, https:\/\/unsere-natur.art\/wp-content\/uploads\/2021\/06\/IMG_2968-scaled.jpg 1707w\" sizes=\"auto, (max-width: 342px) 100vw, 342px\" \/><\/figure><\/div>\n","protected":false},"excerpt":{"rendered":"<p>&#8220;Einreichung zur Ulmer Friedenswoche vom 01.-30.September 2021: &#8220;Der Tod ist ein Meister aus Ulm&#8221; Ulm ist eine R\u00fcstungs- und Milit\u00e4rstadt. Todbringende Waffen und ihr Zubeh\u00f6r werden produziert, f\u00fcr den Export vorbereitet oder der Armee zugef\u00fchrt. Logistische Planungen der Bundeswehr und der NATO finden hier statt, viele Institutionen werden von der Bundeswehr betrieben oder arbeiten ihr &hellip; <\/p>\n<p class=\"link-more\"><a href=\"https:\/\/unsere-natur.art\/en\/der-tod-ist-ein-meister-aus-ulm\/\" class=\"more-link\">Continue reading<span class=\"screen-reader-text\"> &#8220;:Der Tod ist ein Meister aus Ulm:&#8221;<\/span><\/a><\/p>\n","protected":false},"author":1,"featured_media":4337,"comment_status":"closed","ping_status":"open","sticky":false,"template":"","format":"standard","meta":{"ngg_post_thumbnail":0,"footnotes":""},"categories":[129],"tags":[],"class_list":["post-4376","post","type-post","status-publish","format-standard","has-post-thumbnail","hentry","category-aktuelles-news"],"translation":{"provider":"WPGlobus","version":"3.0.2","language":"en","enabled_languages":["de","en"],"languages":{"de":{"title":true,"content":true,"excerpt":false},"en":{"title":false,"content":false,"excerpt":false}}},"_links":{"self":[{"href":"https:\/\/unsere-natur.art\/en\/wp-json\/wp\/v2\/posts\/4376","targetHints":{"allow":["GET"]}}],"collection":[{"href":"https:\/\/unsere-natur.art\/en\/wp-json\/wp\/v2\/posts"}],"about":[{"href":"https:\/\/unsere-natur.art\/en\/wp-json\/wp\/v2\/types\/post"}],"author":[{"embeddable":true,"href":"https:\/\/unsere-natur.art\/en\/wp-json\/wp\/v2\/users\/1"}],"replies":[{"embeddable":true,"href":"https:\/\/unsere-natur.art\/en\/wp-json\/wp\/v2\/comments?post=4376"}],"version-history":[{"count":18,"href":"https:\/\/unsere-natur.art\/en\/wp-json\/wp\/v2\/posts\/4376\/revisions"}],"predecessor-version":[{"id":4523,"href":"https:\/\/unsere-natur.art\/en\/wp-json\/wp\/v2\/posts\/4376\/revisions\/4523"}],"wp:featuredmedia":[{"embeddable":true,"href":"https:\/\/unsere-natur.art\/en\/wp-json\/wp\/v2\/media\/4337"}],"wp:attachment":[{"href":"https:\/\/unsere-natur.art\/en\/wp-json\/wp\/v2\/media?parent=4376"}],"wp:term":[{"taxonomy":"category","embeddable":true,"href":"https:\/\/unsere-natur.art\/en\/wp-json\/wp\/v2\/categories?post=4376"},{"taxonomy":"post_tag","embeddable":true,"href":"https:\/\/unsere-natur.art\/en\/wp-json\/wp\/v2\/tags?post=4376"}],"curies":[{"name":"wp","href":"https:\/\/api.w.org\/{rel}","templated":true}]}}