{"id":5322,"date":"2022-05-24T06:43:00","date_gmt":"2022-05-24T04:43:00","guid":{"rendered":"https:\/\/unsere-natur.art\/?p=5322"},"modified":"2022-05-24T06:43:06","modified_gmt":"2022-05-24T04:43:06","slug":"stimmen-der-naturexpedition-im-dezember-2021","status":"publish","type":"post","link":"https:\/\/unsere-natur.art\/en\/stimmen-der-naturexpedition-im-dezember-2021\/","title":{"rendered":"Stimmen der Naturexpedition im Dezember 2021"},"content":{"rendered":"\n<p><em>\u201eMich hat inspiriert, dass man die Zeit auch mal auseinander ziehen und weiten kann und sich dann eine andere Perspektive ergibt. Also wenn man sich in 10.000 Jahren oder noch l\u00e4ngeren Zeit-Dimensionen hineinf\u00fchlt, dann kommt einem die aktuelle Situation l\u00e4cherlich vor.\u201c<\/em> \u2013 <strong>Ion<\/strong><\/p>\n\n\n\n<p><em>\u201eEs ist eine Lebenserfahrung, die ich sehr gerne weiter gebe. Ob sie angenommen wird, ist dem Empf\u00e4nger selbst \u00fcberlassen. Wir k\u00f6nnen nur von der Natur lernen und ein gutes Buch empfiehlt man auch gerne weiter.\u201c \u2013 <\/em><strong>Hans-Georg<\/strong><\/p>\n\n\n\n<div class=\"wp-block-image\"><figure class=\"aligncenter size-medium\"><img loading=\"lazy\" decoding=\"async\" width=\"300\" height=\"181\" src=\"https:\/\/unsere-natur.art\/wp-content\/uploads\/2022\/02\/Icon_Adler_blau-300x181.jpg\" alt=\"\" class=\"wp-image-4826\" srcset=\"https:\/\/unsere-natur.art\/wp-content\/uploads\/2022\/02\/Icon_Adler_blau-300x181.jpg 300w, https:\/\/unsere-natur.art\/wp-content\/uploads\/2022\/02\/Icon_Adler_blau-1024x617.jpg 1024w, https:\/\/unsere-natur.art\/wp-content\/uploads\/2022\/02\/Icon_Adler_blau-768x463.jpg 768w, https:\/\/unsere-natur.art\/wp-content\/uploads\/2022\/02\/Icon_Adler_blau-1536x925.jpg 1536w, https:\/\/unsere-natur.art\/wp-content\/uploads\/2022\/02\/Icon_Adler_blau.jpg 1718w\" sizes=\"auto, (max-width: 300px) 100vw, 300px\" \/><\/figure><\/div>\n\n\n","protected":false},"excerpt":{"rendered":"<p>\u201eMich hat inspiriert, dass man die Zeit auch mal auseinander ziehen und weiten kann und sich dann eine andere Perspektive ergibt. Also wenn man sich in 10.000 Jahren oder noch l\u00e4ngeren Zeit-Dimensionen hineinf\u00fchlt, dann kommt einem die aktuelle Situation l\u00e4cherlich vor.\u201c \u2013 Ion \u201eEs ist eine Lebenserfahrung, die ich sehr gerne weiter gebe. Ob sie &hellip; <\/p>\n<p class=\"link-more\"><a href=\"https:\/\/unsere-natur.art\/en\/stimmen-der-naturexpedition-im-dezember-2021\/\" class=\"more-link\">Continue reading<span class=\"screen-reader-text\"> &#8220;Stimmen der Naturexpedition im Dezember 2021&#8221;<\/span><\/a><\/p>\n","protected":false},"author":1,"featured_media":5325,"comment_status":"closed","ping_status":"open","sticky":false,"template":"","format":"standard","meta":{"ngg_post_thumbnail":0,"footnotes":""},"categories":[143],"tags":[],"class_list":["post-5322","post","type-post","status-publish","format-standard","has-post-thumbnail","hentry","category-resonanz"],"translation":{"provider":"WPGlobus","version":"3.0.2","language":"en","enabled_languages":["de","en"],"languages":{"de":{"title":true,"content":true,"excerpt":false},"en":{"title":false,"content":false,"excerpt":false}}},"_links":{"self":[{"href":"https:\/\/unsere-natur.art\/en\/wp-json\/wp\/v2\/posts\/5322","targetHints":{"allow":["GET"]}}],"collection":[{"href":"https:\/\/unsere-natur.art\/en\/wp-json\/wp\/v2\/posts"}],"about":[{"href":"https:\/\/unsere-natur.art\/en\/wp-json\/wp\/v2\/types\/post"}],"author":[{"embeddable":true,"href":"https:\/\/unsere-natur.art\/en\/wp-json\/wp\/v2\/users\/1"}],"replies":[{"embeddable":true,"href":"https:\/\/unsere-natur.art\/en\/wp-json\/wp\/v2\/comments?post=5322"}],"version-history":[{"count":2,"href":"https:\/\/unsere-natur.art\/en\/wp-json\/wp\/v2\/posts\/5322\/revisions"}],"predecessor-version":[{"id":5324,"href":"https:\/\/unsere-natur.art\/en\/wp-json\/wp\/v2\/posts\/5322\/revisions\/5324"}],"wp:featuredmedia":[{"embeddable":true,"href":"https:\/\/unsere-natur.art\/en\/wp-json\/wp\/v2\/media\/5325"}],"wp:attachment":[{"href":"https:\/\/unsere-natur.art\/en\/wp-json\/wp\/v2\/media?parent=5322"}],"wp:term":[{"taxonomy":"category","embeddable":true,"href":"https:\/\/unsere-natur.art\/en\/wp-json\/wp\/v2\/categories?post=5322"},{"taxonomy":"post_tag","embeddable":true,"href":"https:\/\/unsere-natur.art\/en\/wp-json\/wp\/v2\/tags?post=5322"}],"curies":[{"name":"wp","href":"https:\/\/api.w.org\/{rel}","templated":true}]}}