{"id":5701,"date":"2023-12-16T16:35:12","date_gmt":"2023-12-16T15:35:12","guid":{"rendered":"https:\/\/unsere-natur.art\/?p=5701"},"modified":"2023-12-16T16:36:41","modified_gmt":"2023-12-16T15:36:41","slug":"echo-zur-intuitiven-natr-begegnung","status":"publish","type":"post","link":"https:\/\/unsere-natur.art\/en\/echo-zur-intuitiven-natr-begegnung\/","title":{"rendered":"Echo zur intuitiven natur begegnung"},"content":{"rendered":"\n<p>August 2023:<\/p>\n\n\n\n<p>&#8220;Ich konnte buchst\u00e4blich gut in die Natur eintauchen, zun\u00e4chst im Wasser des Stobbers watend um festzustellen, ob sich Insekten unter den Steinen befinden, was auf genie\u00dfbares Wasser hinweist. Es erinnerte mich an Naturerkundungen aus der Kindheit. Und die Erl\u00e4uterungen Herrn Kirchners haben dazu beigetragen mir nun viel besser vorstellen zu k\u00f6nnen, welche Kr\u00e4fte zur letzten Eiszeit wirkten; konnte praktisch sehen, was ein Urstromtal ist. <\/p>\n\n\n\n<p>Live zu sehen, was Biber an einem Fluss und dort stehenden B\u00e4umen bewirken, war zudem sehr bereichernd. Nach einer Zeit habe ich mich tief mit der Natur vor Ort verbunden gef\u00fchlt, und auf Anregung Herrn Kirchners in aller Stille einen Baum umarmt und mich \u00fcber meinen Atem mit ihm verbunden. Dies wurde auch zu einer st\u00e4rkeren Verbindung mit mir selbst. Meine Seele hat dort sehr deutlich zu mir gesprochen. Dies konnte so sein, weil gen\u00fcgend Zeit da war, um die Kr\u00e4fte der Natur auf mich wirken zu lassen. <\/p>\n\n\n\n<p>Alles in Allem war es f\u00fcr mich wieder eine sch\u00f6ne Best\u00e4tigung daf\u00fcr, beim tiefen Eintauchen in die Natur, wozu Herr Kirchner sehr gut f\u00fchren kann, mit mir selbst, meiner Seele, in Verbindung zu kommen. Das ist ein sehr sch\u00f6nes Geschenk!&#8221;<\/p>\n\n\n\n<p>Doris aus Dresden<\/p>\n\n\n<div class=\"wp-block-image\">\n<figure class=\"aligncenter size-medium\"><img loading=\"lazy\" decoding=\"async\" width=\"300\" height=\"181\" src=\"https:\/\/unsere-natur.art\/wp-content\/uploads\/2022\/02\/Icon_Adler_blau-300x181.jpg\" alt=\"\" class=\"wp-image-4826\" srcset=\"https:\/\/unsere-natur.art\/wp-content\/uploads\/2022\/02\/Icon_Adler_blau-300x181.jpg 300w, https:\/\/unsere-natur.art\/wp-content\/uploads\/2022\/02\/Icon_Adler_blau-1024x617.jpg 1024w, https:\/\/unsere-natur.art\/wp-content\/uploads\/2022\/02\/Icon_Adler_blau-768x463.jpg 768w, https:\/\/unsere-natur.art\/wp-content\/uploads\/2022\/02\/Icon_Adler_blau-1536x925.jpg 1536w, https:\/\/unsere-natur.art\/wp-content\/uploads\/2022\/02\/Icon_Adler_blau.jpg 1718w\" sizes=\"auto, (max-width: 300px) 100vw, 300px\" \/><\/figure>\n<\/div>","protected":false},"excerpt":{"rendered":"<p>August 2023: &#8220;Ich konnte buchst\u00e4blich gut in die Natur eintauchen, zun\u00e4chst im Wasser des Stobbers watend um festzustellen, ob sich Insekten unter den Steinen befinden, was auf genie\u00dfbares Wasser hinweist. Es erinnerte mich an Naturerkundungen aus der Kindheit. Und die Erl\u00e4uterungen Herrn Kirchners haben dazu beigetragen mir nun viel besser vorstellen zu k\u00f6nnen, welche Kr\u00e4fte &hellip; <\/p>\n<p class=\"link-more\"><a href=\"https:\/\/unsere-natur.art\/en\/echo-zur-intuitiven-natr-begegnung\/\" class=\"more-link\">Continue reading<span class=\"screen-reader-text\"> &#8220;Echo zur intuitiven natur begegnung&#8221;<\/span><\/a><\/p>\n","protected":false},"author":1,"featured_media":993,"comment_status":"closed","ping_status":"open","sticky":false,"template":"","format":"standard","meta":{"ngg_post_thumbnail":0,"footnotes":""},"categories":[143],"tags":[],"class_list":["post-5701","post","type-post","status-publish","format-standard","has-post-thumbnail","hentry","category-resonanz"],"translation":{"provider":"WPGlobus","version":"3.0.2","language":"en","enabled_languages":["de","en"],"languages":{"de":{"title":true,"content":true,"excerpt":false},"en":{"title":false,"content":false,"excerpt":false}}},"_links":{"self":[{"href":"https:\/\/unsere-natur.art\/en\/wp-json\/wp\/v2\/posts\/5701","targetHints":{"allow":["GET"]}}],"collection":[{"href":"https:\/\/unsere-natur.art\/en\/wp-json\/wp\/v2\/posts"}],"about":[{"href":"https:\/\/unsere-natur.art\/en\/wp-json\/wp\/v2\/types\/post"}],"author":[{"embeddable":true,"href":"https:\/\/unsere-natur.art\/en\/wp-json\/wp\/v2\/users\/1"}],"replies":[{"embeddable":true,"href":"https:\/\/unsere-natur.art\/en\/wp-json\/wp\/v2\/comments?post=5701"}],"version-history":[{"count":4,"href":"https:\/\/unsere-natur.art\/en\/wp-json\/wp\/v2\/posts\/5701\/revisions"}],"predecessor-version":[{"id":5705,"href":"https:\/\/unsere-natur.art\/en\/wp-json\/wp\/v2\/posts\/5701\/revisions\/5705"}],"wp:featuredmedia":[{"embeddable":true,"href":"https:\/\/unsere-natur.art\/en\/wp-json\/wp\/v2\/media\/993"}],"wp:attachment":[{"href":"https:\/\/unsere-natur.art\/en\/wp-json\/wp\/v2\/media?parent=5701"}],"wp:term":[{"taxonomy":"category","embeddable":true,"href":"https:\/\/unsere-natur.art\/en\/wp-json\/wp\/v2\/categories?post=5701"},{"taxonomy":"post_tag","embeddable":true,"href":"https:\/\/unsere-natur.art\/en\/wp-json\/wp\/v2\/tags?post=5701"}],"curies":[{"name":"wp","href":"https:\/\/api.w.org\/{rel}","templated":true}]}}