{"id":5819,"date":"2024-05-08T12:42:29","date_gmt":"2024-05-08T10:42:29","guid":{"rendered":"https:\/\/unsere-natur.art\/?p=5819"},"modified":"2024-05-08T12:42:31","modified_gmt":"2024-05-08T10:42:31","slug":"rueckschau-zum-tag-des-offenen-ateliers-4-5-mai-2024","status":"publish","type":"post","link":"https:\/\/unsere-natur.art\/en\/rueckschau-zum-tag-des-offenen-ateliers-4-5-mai-2024\/","title":{"rendered":"R\u00fcckschau zum Tag des offenen Ateliers 4. &amp; 5.Mai 2024"},"content":{"rendered":"\n<p class=\"has-text-align-center\">Kleine R\u00fcckschau zum vergangenen Wochenende:<\/p>\n\n\n\n<p class=\"has-text-align-center\">Ich danke allen G\u00e4sten f\u00fcr Ihre Neugier, die interessanten Gespr\u00e4che und nat\u00fcrlich das tolle Feedback! Hier ein kleiner Einblick in meine Papierbild &#8211; Installation als Hommage an die &#8220;M\u00e4rkische Schweiz&#8221;. Alles entstanden und am entstehen im Rahmen meiner T\u00e4tigkeit als Wanderwegewart f\u00fcr die Stadt Buckow.<\/p>\n\n\n\n<p class=\"has-text-align-center\">25x Acrylfarbe auf Papier im Format A4 auf nicht bespanntem Holzrahmen 150\/200cm, 2020 bis 2024<\/p>\n\n\n\n<figure class=\"wp-block-image size-large\"><img loading=\"lazy\" decoding=\"async\" width=\"1024\" height=\"768\" src=\"https:\/\/unsere-natur.art\/wp-content\/uploads\/2024\/05\/IMG_0702-1024x768.jpg\" alt=\"\" class=\"wp-image-5823\" srcset=\"https:\/\/unsere-natur.art\/wp-content\/uploads\/2024\/05\/IMG_0702-1024x768.jpg 1024w, https:\/\/unsere-natur.art\/wp-content\/uploads\/2024\/05\/IMG_0702-300x225.jpg 300w, https:\/\/unsere-natur.art\/wp-content\/uploads\/2024\/05\/IMG_0702-768x576.jpg 768w, https:\/\/unsere-natur.art\/wp-content\/uploads\/2024\/05\/IMG_0702-1536x1152.jpg 1536w, https:\/\/unsere-natur.art\/wp-content\/uploads\/2024\/05\/IMG_0702.jpg 2016w\" sizes=\"auto, (max-width: 1024px) 100vw, 1024px\" \/><\/figure>\n\n\n\n<p class=\"has-text-align-center\">Ein weiterer Blickfang war und ist momentan der Gastbeitrag von Ullrich Seutter unter dem Titel :&#8221;COLORES&#8221;:<\/p>\n\n\n\n<figure class=\"wp-block-image size-large\"><img loading=\"lazy\" decoding=\"async\" width=\"1024\" height=\"768\" src=\"https:\/\/unsere-natur.art\/wp-content\/uploads\/2024\/05\/IMG_0729-1024x768.jpg\" alt=\"\" class=\"wp-image-5828\" srcset=\"https:\/\/unsere-natur.art\/wp-content\/uploads\/2024\/05\/IMG_0729-1024x768.jpg 1024w, https:\/\/unsere-natur.art\/wp-content\/uploads\/2024\/05\/IMG_0729-300x225.jpg 300w, https:\/\/unsere-natur.art\/wp-content\/uploads\/2024\/05\/IMG_0729-768x576.jpg 768w, https:\/\/unsere-natur.art\/wp-content\/uploads\/2024\/05\/IMG_0729-1536x1152.jpg 1536w, https:\/\/unsere-natur.art\/wp-content\/uploads\/2024\/05\/IMG_0729.jpg 2016w\" sizes=\"auto, (max-width: 1024px) 100vw, 1024px\" \/><\/figure>\n\n\n<div class=\"wp-block-image\">\n<figure class=\"aligncenter size-full\"><img loading=\"lazy\" decoding=\"async\" width=\"782\" height=\"476\" src=\"https:\/\/unsere-natur.art\/wp-content\/uploads\/2024\/04\/Fusszeile_2024_Atelier.jpg\" alt=\"\" class=\"wp-image-5814\" srcset=\"https:\/\/unsere-natur.art\/wp-content\/uploads\/2024\/04\/Fusszeile_2024_Atelier.jpg 782w, https:\/\/unsere-natur.art\/wp-content\/uploads\/2024\/04\/Fusszeile_2024_Atelier-300x183.jpg 300w, https:\/\/unsere-natur.art\/wp-content\/uploads\/2024\/04\/Fusszeile_2024_Atelier-768x467.jpg 768w\" sizes=\"auto, (max-width: 782px) 100vw, 782px\" \/><figcaption class=\"wp-element-caption\">Screenshot<\/figcaption><\/figure>\n<\/div>","protected":false},"excerpt":{"rendered":"<p>Kleine R\u00fcckschau zum vergangenen Wochenende: Ich danke allen G\u00e4sten f\u00fcr Ihre Neugier, die interessanten Gespr\u00e4che und nat\u00fcrlich das tolle Feedback! Hier ein kleiner Einblick in meine Papierbild &#8211; Installation als Hommage an die &#8220;M\u00e4rkische Schweiz&#8221;. Alles entstanden und am entstehen im Rahmen meiner T\u00e4tigkeit als Wanderwegewart f\u00fcr die Stadt Buckow. 25x Acrylfarbe auf Papier im &hellip; <\/p>\n<p class=\"link-more\"><a href=\"https:\/\/unsere-natur.art\/en\/rueckschau-zum-tag-des-offenen-ateliers-4-5-mai-2024\/\" class=\"more-link\">Continue reading<span class=\"screen-reader-text\"> &#8220;R\u00fcckschau zum Tag des offenen Ateliers 4. &amp; 5.Mai 2024&#8221;<\/span><\/a><\/p>\n","protected":false},"author":1,"featured_media":5822,"comment_status":"closed","ping_status":"open","sticky":false,"template":"","format":"standard","meta":{"ngg_post_thumbnail":0,"footnotes":""},"categories":[129],"tags":[],"class_list":["post-5819","post","type-post","status-publish","format-standard","has-post-thumbnail","hentry","category-aktuelles-news"],"translation":{"provider":"WPGlobus","version":"3.0.2","language":"en","enabled_languages":["de","en"],"languages":{"de":{"title":true,"content":true,"excerpt":false},"en":{"title":false,"content":false,"excerpt":false}}},"_links":{"self":[{"href":"https:\/\/unsere-natur.art\/en\/wp-json\/wp\/v2\/posts\/5819","targetHints":{"allow":["GET"]}}],"collection":[{"href":"https:\/\/unsere-natur.art\/en\/wp-json\/wp\/v2\/posts"}],"about":[{"href":"https:\/\/unsere-natur.art\/en\/wp-json\/wp\/v2\/types\/post"}],"author":[{"embeddable":true,"href":"https:\/\/unsere-natur.art\/en\/wp-json\/wp\/v2\/users\/1"}],"replies":[{"embeddable":true,"href":"https:\/\/unsere-natur.art\/en\/wp-json\/wp\/v2\/comments?post=5819"}],"version-history":[{"count":7,"href":"https:\/\/unsere-natur.art\/en\/wp-json\/wp\/v2\/posts\/5819\/revisions"}],"predecessor-version":[{"id":5831,"href":"https:\/\/unsere-natur.art\/en\/wp-json\/wp\/v2\/posts\/5819\/revisions\/5831"}],"wp:featuredmedia":[{"embeddable":true,"href":"https:\/\/unsere-natur.art\/en\/wp-json\/wp\/v2\/media\/5822"}],"wp:attachment":[{"href":"https:\/\/unsere-natur.art\/en\/wp-json\/wp\/v2\/media?parent=5819"}],"wp:term":[{"taxonomy":"category","embeddable":true,"href":"https:\/\/unsere-natur.art\/en\/wp-json\/wp\/v2\/categories?post=5819"},{"taxonomy":"post_tag","embeddable":true,"href":"https:\/\/unsere-natur.art\/en\/wp-json\/wp\/v2\/tags?post=5819"}],"curies":[{"name":"wp","href":"https:\/\/api.w.org\/{rel}","templated":true}]}}