{"id":6006,"date":"2024-11-25T08:19:27","date_gmt":"2024-11-25T07:19:27","guid":{"rendered":"https:\/\/unsere-natur.art\/?p=6006"},"modified":"2024-11-25T08:20:18","modified_gmt":"2024-11-25T07:20:18","slug":"echo-zur-intuitiven-malerei-im-rahmen-der-onkologischen-rehabilitation","status":"publish","type":"post","link":"https:\/\/unsere-natur.art\/en\/echo-zur-intuitiven-malerei-im-rahmen-der-onkologischen-rehabilitation\/","title":{"rendered":"Echo zur Intuitiven Malerei im Rahmen der Onkologischen Rehabilitation"},"content":{"rendered":"\n<p>Eine sehr sch\u00f6ne Beschreibung, von Frau Evelyn Remus aus Berlin,  der Intuitiven Malerei im Rahmen meiner Kurse in der Immanueldiakonie f\u00fcr onkologische Rehabilitation in Buckow &#8211; M\u00e4rkische Schweiz:<\/p>\n\n\n\n<blockquote class=\"wp-block-quote is-layout-flow wp-block-quote-is-layout-flow\">\n<p>&#8220;Intuitive Malerei entsteht spontan, aus dem Gef\u00fchl heraus. Man vergi\u00dft Zeit und Raum. <\/p>\n\n\n\n<p>Der Anfang ist nicht einfach, ein wei\u00dfes Blatt und Farben.<\/p>\n\n\n\n<p>Die Farben k\u00f6nnen zerflie\u00dfen und sich \u00fcberdecken. Jedes Hinzutun von Farbe und Form ver\u00e4ndert den Ausdruck, es entsteht etwas ganz Neues und machmal etwas Wunderbares.<\/p>\n\n\n\n<p>Wenn man das erreicht, empfindet man Freude und Gl\u00fcck mit langer Wirkung auf das Denken.&#8221;<\/p>\n\n\n\n<p><em>Evelyn Remus, Berlin<\/em>, 30.M\u00e4rz 2023<\/p>\n<\/blockquote>\n\n\n<div class=\"wp-block-image\">\n<figure class=\"aligncenter size-large is-resized\"><img loading=\"lazy\" decoding=\"async\" width=\"756\" height=\"1024\" src=\"https:\/\/unsere-natur.art\/wp-content\/uploads\/2024\/11\/IMG_9790-756x1024.jpg\" alt=\"\" class=\"wp-image-6007\" style=\"width:auto;height:600px\" srcset=\"https:\/\/unsere-natur.art\/wp-content\/uploads\/2024\/11\/IMG_9790-756x1024.jpg 756w, https:\/\/unsere-natur.art\/wp-content\/uploads\/2024\/11\/IMG_9790-221x300.jpg 221w, https:\/\/unsere-natur.art\/wp-content\/uploads\/2024\/11\/IMG_9790-768x1040.jpg 768w, https:\/\/unsere-natur.art\/wp-content\/uploads\/2024\/11\/IMG_9790-1134x1536.jpg 1134w, https:\/\/unsere-natur.art\/wp-content\/uploads\/2024\/11\/IMG_9790-1512x2048.jpg 1512w, https:\/\/unsere-natur.art\/wp-content\/uploads\/2024\/11\/IMG_9790-scaled.jpg 1890w\" sizes=\"auto, (max-width: 756px) 100vw, 756px\" \/><\/figure>\n<\/div>","protected":false},"excerpt":{"rendered":"<p>Eine sehr sch\u00f6ne Beschreibung, von Frau Evelyn Remus aus Berlin, der Intuitiven Malerei im Rahmen meiner Kurse in der Immanueldiakonie f\u00fcr onkologische Rehabilitation in Buckow &#8211; M\u00e4rkische Schweiz: &#8220;Intuitive Malerei entsteht spontan, aus dem Gef\u00fchl heraus. Man vergi\u00dft Zeit und Raum. Der Anfang ist nicht einfach, ein wei\u00dfes Blatt und Farben. Die Farben k\u00f6nnen zerflie\u00dfen &hellip; <\/p>\n<p class=\"link-more\"><a href=\"https:\/\/unsere-natur.art\/en\/echo-zur-intuitiven-malerei-im-rahmen-der-onkologischen-rehabilitation\/\" class=\"more-link\">Continue reading<span class=\"screen-reader-text\"> &#8220;Echo zur Intuitiven Malerei im Rahmen der Onkologischen Rehabilitation&#8221;<\/span><\/a><\/p>\n","protected":false},"author":1,"featured_media":6007,"comment_status":"closed","ping_status":"open","sticky":false,"template":"","format":"standard","meta":{"ngg_post_thumbnail":0,"footnotes":""},"categories":[143,1],"tags":[],"class_list":["post-6006","post","type-post","status-publish","format-standard","has-post-thumbnail","hentry","category-resonanz","category-uncategorized"],"translation":{"provider":"WPGlobus","version":"3.0.2","language":"en","enabled_languages":["de","en"],"languages":{"de":{"title":true,"content":true,"excerpt":false},"en":{"title":false,"content":false,"excerpt":false}}},"_links":{"self":[{"href":"https:\/\/unsere-natur.art\/en\/wp-json\/wp\/v2\/posts\/6006","targetHints":{"allow":["GET"]}}],"collection":[{"href":"https:\/\/unsere-natur.art\/en\/wp-json\/wp\/v2\/posts"}],"about":[{"href":"https:\/\/unsere-natur.art\/en\/wp-json\/wp\/v2\/types\/post"}],"author":[{"embeddable":true,"href":"https:\/\/unsere-natur.art\/en\/wp-json\/wp\/v2\/users\/1"}],"replies":[{"embeddable":true,"href":"https:\/\/unsere-natur.art\/en\/wp-json\/wp\/v2\/comments?post=6006"}],"version-history":[{"count":2,"href":"https:\/\/unsere-natur.art\/en\/wp-json\/wp\/v2\/posts\/6006\/revisions"}],"predecessor-version":[{"id":6009,"href":"https:\/\/unsere-natur.art\/en\/wp-json\/wp\/v2\/posts\/6006\/revisions\/6009"}],"wp:featuredmedia":[{"embeddable":true,"href":"https:\/\/unsere-natur.art\/en\/wp-json\/wp\/v2\/media\/6007"}],"wp:attachment":[{"href":"https:\/\/unsere-natur.art\/en\/wp-json\/wp\/v2\/media?parent=6006"}],"wp:term":[{"taxonomy":"category","embeddable":true,"href":"https:\/\/unsere-natur.art\/en\/wp-json\/wp\/v2\/categories?post=6006"},{"taxonomy":"post_tag","embeddable":true,"href":"https:\/\/unsere-natur.art\/en\/wp-json\/wp\/v2\/tags?post=6006"}],"curies":[{"name":"wp","href":"https:\/\/api.w.org\/{rel}","templated":true}]}}